{"id":1827,"date":"2026-08-12T07:48:05","date_gmt":"2026-08-12T05:48:05","guid":{"rendered":"https:\/\/www.vr-m.it\/sito\/?p=1827"},"modified":"2026-08-12T07:48:05","modified_gmt":"2026-08-12T05:48:05","slug":"melk-oltre-labbazia-sei-secoli-di-storia-nascosti-nella-citta","status":"publish","type":"post","link":"https:\/\/www.vr-m.it\/sito\/2026\/08\/12\/melk-oltre-labbazia-sei-secoli-di-storia-nascosti-nella-citta\/","title":{"rendered":"Melk oltre l\u2019Abbazia: sei secoli di storia nascosti nella citt\u00e0"},"content":{"rendered":"<p><span style=\"color: #008000;\">Dietro la celebre abbazia barocca, Melk conserva una seconda identit\u00e0: una chiesa tardogotica trasformata nei secoli, antiche sculture, palazzi borghesi e le tracce di una citt\u00e0 cresciuta insieme all\u2019acqua. Un viaggio attraverso quasi sei secoli di storia.<\/span><\/p>\n<p>Chi arriva a Melk, nella Bassa Austria, tende inevitabilmente ad alzare lo sguardo verso l\u2019enorme abbazia benedettina che domina il paesaggio. \u00c8 comprensibile: il monastero, affidato ai benedettini dal 1089, \u00e8 uno dei grandi complessi monumentali dell\u2019Austria.<\/p>\n<p>Ma basta scendere nel centro storico perch\u00e9 Melk cambi completamente volto.<\/p>\n<p>Qui non troviamo pi\u00f9 il trionfo barocco dell\u2019abbazia, ma una citt\u00e0 fatta di strade acciottolate, antiche locande, corsi d\u2019acqua e soprattutto una chiesa che racconta quasi sei secoli di trasformazioni dell\u2019architettura europea.<\/p>\n<h3>Una chiesa medievale che non \u00e8 interamente medievale<\/h3>\n<p>La Stadtpfarrkirche Mari\u00e4 Himmelfahrt, la chiesa parrocchiale dell\u2019Assunzione di Maria, affonda le proprie origini nel Medioevo. Una cappella dedicata alla Madonna esisteva gi\u00e0 intorno al 1400 e durante il XV secolo l\u2019edificio assunse progressivamente le caratteristiche della grande chiesa tardogotica.<\/p>\n<p>Ed \u00e8 proprio qui che l\u2019occhio pu\u00f2 essere ingannato.<\/p>\n<p>Gli elaborati altari in legno scuro, ricchi di pinnacoli, archi appuntiti, trafori e statue, sembrano opere quattrocentesche.<\/p>\n<p>Non lo sono.<\/p>\n<p>Gran parte dell\u2019apparato decorativo interno venne realizzato durante la trasformazione neogotica della fine dell\u2019Ottocento.<\/p>\n<p>Gli artisti dell\u2019epoca ripresero consapevolmente forme medievali per ricreare un ambiente che apparisse coerente con l\u2019origine gotica della chiesa.<\/p>\n<h3>Curiosit\u00e0 \u2014 Il Medioevo autentico \u00e8 meno \u201cmedievale\u201d di quello ricostruito<\/h3>\n<p>\u00c8 uno dei piccoli paradossi dell\u2019edificio.<\/p>\n<p>Le parti che all\u2019occhio moderno sembrano maggiormente medievali \u2014 soprattutto gli spettacolari altari lignei \u2014 sono relativamente recenti.<\/p>\n<p><a href=\"https:\/\/www.vr-m.it\/sito\/wp-content\/uploads\/2026\/08\/IMG_1972-scaled.jpeg\"><img fetchpriority=\"high\" decoding=\"async\" class=\"size-full wp-image-1828 aligncenter\" src=\"https:\/\/www.vr-m.it\/sito\/wp-content\/uploads\/2026\/08\/IMG_1972-scaled.jpeg\" alt=\"\" width=\"1920\" height=\"2560\" srcset=\"https:\/\/www.vr-m.it\/sito\/wp-content\/uploads\/2026\/08\/IMG_1972-scaled.jpeg 1920w, https:\/\/www.vr-m.it\/sito\/wp-content\/uploads\/2026\/08\/IMG_1972-225x300.jpeg 225w, https:\/\/www.vr-m.it\/sito\/wp-content\/uploads\/2026\/08\/IMG_1972-768x1024.jpeg 768w, https:\/\/www.vr-m.it\/sito\/wp-content\/uploads\/2026\/08\/IMG_1972-1152x1536.jpeg 1152w, https:\/\/www.vr-m.it\/sito\/wp-content\/uploads\/2026\/08\/IMG_1972-1536x2048.jpeg 1536w, https:\/\/www.vr-m.it\/sito\/wp-content\/uploads\/2026\/08\/IMG_1972-2000x2667.jpeg 2000w\" sizes=\"(max-width: 1920px) 100vw, 1920px\" \/><\/a><\/p>\n<p>Le grandi volte, i pilastri e buona parte della struttura, molto pi\u00f9 sobri, appartengono invece alla sostanza tardogotica dell\u2019edificio.<\/p>\n<p>Sembrare antico ed essere antico, nella storia dell\u2019arte, non sono necessariamente la stessa cosa.<\/p>\n<h3>Il soffitto rivela il vero gotico<\/h3>\n<p>Alzando lo sguardo emerge uno degli elementi architettonicamente pi\u00f9 interessanti della chiesa.<\/p>\n<p>Le volte sono attraversate da costoloni in pietra che si incrociano formando disegni geometrici.<\/p>\n<p>\u00c8 il linguaggio del tardogotico centroeuropeo.<\/p>\n<p>L\u2019effetto \u00e8 molto diverso da quello delle grandi cattedrali francesi che costituiscono, nell\u2019immaginario comune, il modello del gotico.<\/p>\n<p>Qui l\u2019architettura \u00e8 relativamente sobria: grandi superfici chiare, pilastri essenziali e una decorazione concentrata soprattutto negli altari e nelle vetrate. Il gotico diventa cos\u00ec soprattutto struttura e geometria. Le nervature sembrano disegnare una rete sospesa sopra la testa di chi attraversa la navata. Il risultato pu\u00f2 apparire sorprendentemente moderno nonostante la sua origine medievale.<\/p>\n<h3>Barocco, incendio e ritorno al Medioevo<\/h3>\n<p>La chiesa che vediamo oggi \u00e8 il risultato di numerose trasformazioni. Nel 1715 l\u2019edificio venne adattato al gusto barocco. Nel 1771 furono aggiunti altari rococ\u00f2 con dipinti di Martin Johann Schmidt, conosciuto come Kremser Schmidt, importante pittore del barocco austriaco. Poi arriv\u00f2 il disastro. Nel 1847 un enorme incendio colp\u00ec Melk, distruggendo decine di edifici e danneggiando anche la chiesa parrocchiale.<\/p>\n<p>La ricostruzione ottocentesca interess\u00f2 anche il campanile e, verso la fine del secolo, l\u2019interno venne progressivamente reinterpretato secondo il gusto neogotico. Si verific\u00f2 quindi qualcosa di curioso: dopo secoli di trasformazioni, l\u2019Ottocento cerc\u00f2 di restituire alla chiesa un\u2019immagine medievale idealizzata.<\/p>\n<p>Quella che oggi pu\u00f2 apparire come un\u2019architettura stilisticamente uniforme \u00e8 dunque una vera stratificazione storica. Un\u2019opera che ha davvero cinquecento anni Tra le testimonianze pi\u00f9 antiche conservate nella chiesa spicca la \u00d6lberggruppe, il gruppo scultoreo del Monte degli Ulivi, risalente circa al 1520 e collegato alla tradizione artistica della cosiddetta Scuola del Danubio. La scena rappresenta Cristo nell\u2019orto del Getsemani. Ges\u00f9 prega mentre i discepoli dormono; sullo sfondo si prepara il momento dell\u2019arresto che dar\u00e0 inizio alla Passione.<\/p>\n<p>Qui non siamo pi\u00f9 davanti a una reinterpretazione ottocentesca del Medioevo.<\/p>\n<p>Le sculture appartengono realmente al mondo artistico di circa cinquecento anni fa.<\/p>\n<p><a href=\"https:\/\/www.vr-m.it\/sito\/wp-content\/uploads\/2026\/08\/IMG_1973-scaled.jpeg\"><img decoding=\"async\" class=\"alignnone size-full wp-image-1829\" src=\"https:\/\/www.vr-m.it\/sito\/wp-content\/uploads\/2026\/08\/IMG_1973-scaled.jpeg\" alt=\"\" width=\"1920\" height=\"2560\" srcset=\"https:\/\/www.vr-m.it\/sito\/wp-content\/uploads\/2026\/08\/IMG_1973-scaled.jpeg 1920w, https:\/\/www.vr-m.it\/sito\/wp-content\/uploads\/2026\/08\/IMG_1973-225x300.jpeg 225w, https:\/\/www.vr-m.it\/sito\/wp-content\/uploads\/2026\/08\/IMG_1973-768x1024.jpeg 768w, https:\/\/www.vr-m.it\/sito\/wp-content\/uploads\/2026\/08\/IMG_1973-1152x1536.jpeg 1152w, https:\/\/www.vr-m.it\/sito\/wp-content\/uploads\/2026\/08\/IMG_1973-1536x2048.jpeg 1536w, https:\/\/www.vr-m.it\/sito\/wp-content\/uploads\/2026\/08\/IMG_1973-2000x2667.jpeg 2000w\" sizes=\"(max-width: 1920px) 100vw, 1920px\" \/><\/a><\/p>\n<p>&nbsp;<\/p>\n<p><strong>Curiosit\u00e0 \u2014 Un tempo intorno alla chiesa c\u2019erano le tombe<\/strong><\/p>\n<p>Lo spazio urbano circostante aveva in passato una funzione molto diversa.<\/p>\n<p>Attorno alla chiesa si trovava infatti il vecchio cimitero di Melk, soppresso nel XVIII secolo. Sono sopravvissute alcune antiche lapidi. \u00c8 difficile immaginarlo osservando oggi le strade e gli edifici del centro, ma per secoli la chiesa non era semplicemente inserita nella citt\u00e0: era circondata dallo spazio destinato alla sepoltura della comunit\u00e0.<\/p>\n<h3>Una piccola Lourdes nel cuore di Melk<\/h3>\n<p>All\u2019interno compare anche un elemento appartenente a una tradizione molto pi\u00f9 recente. Una statua della Madonna, vestita di bianco e azzurro e collocata davanti a una struttura rocciosa, riproduce immediatamente l\u2019iconografia della Madonna di Lourdes.<\/p>\n<p><a href=\"https:\/\/www.vr-m.it\/sito\/wp-content\/uploads\/2026\/08\/IMG_1982-scaled.jpeg\"><img decoding=\"async\" class=\"alignnone size-full wp-image-1830\" src=\"https:\/\/www.vr-m.it\/sito\/wp-content\/uploads\/2026\/08\/IMG_1982-scaled.jpeg\" alt=\"\" width=\"1920\" height=\"2560\" srcset=\"https:\/\/www.vr-m.it\/sito\/wp-content\/uploads\/2026\/08\/IMG_1982-scaled.jpeg 1920w, https:\/\/www.vr-m.it\/sito\/wp-content\/uploads\/2026\/08\/IMG_1982-225x300.jpeg 225w, https:\/\/www.vr-m.it\/sito\/wp-content\/uploads\/2026\/08\/IMG_1982-768x1024.jpeg 768w, https:\/\/www.vr-m.it\/sito\/wp-content\/uploads\/2026\/08\/IMG_1982-1152x1536.jpeg 1152w, https:\/\/www.vr-m.it\/sito\/wp-content\/uploads\/2026\/08\/IMG_1982-1536x2048.jpeg 1536w, https:\/\/www.vr-m.it\/sito\/wp-content\/uploads\/2026\/08\/IMG_1982-2000x2667.jpeg 2000w\" sizes=\"(max-width: 1920px) 100vw, 1920px\" \/><\/a><\/p>\n<p>Il riferimento \u00e8 alle apparizioni mariane che, secondo la tradizione cattolica, sarebbero avvenute a Lourdes nel 1858. Nello stesso edificio convivono quindi forme religiose sviluppatesi in periodi estremamente diversi: dal cristianesimo tardomedievale alle devozioni dell\u2019Ottocento.<\/p>\n<h3>Un orologio che pu\u00f2 ingannare<\/h3>\n<p>Anche il campanile nasconde una particolarit\u00e0.<\/p>\n<p>Il sistema storico dell\u2019orologio utilizza una disposizione delle indicazioni differente da quella alla quale siamo normalmente abituati. I quadranti presentano scale dedicate alle ore e ai quarti d\u2019ora e il rapporto tra lunghezza delle lancette e informazione indicata non segue necessariamente la convenzione moderna. Un dettaglio apparentemente insignificante che ricorda quanto persino qualcosa di familiare come leggere l\u2019ora sia il risultato di convenzioni tecniche evolutesi nel tempo.<\/p>\n<h3>Fuori dalla chiesa compare un\u2019altra Melk<\/h3>\n<p>Una volta tornati nelle strade del centro storico, l\u2019atmosfera cambia nuovamente. Facciate decorate, piccole strutture alberghiere, ristoranti e strade acciottolate raccontano soprattutto lo sviluppo urbano della citt\u00e0 tra Settecento e Ottocento. Il XIX secolo fu un periodo decisivo. La navigazione a vapore sul Danubio, l\u2019arrivo della ferrovia occidentale nel 1858 e lo sviluppo di nuove attivit\u00e0 economiche modificarono progressivamente il ruolo della citt\u00e0. Nel 1898 Melk ottenne ufficialmente lo status di citt\u00e0. L\u2019aspetto apparentemente tranquillo del centro nasconde quindi un periodo nel quale trasporti, commercio e industrializzazione stavano cambiando profondamente la Bassa Austria.<\/p>\n<h3>La grande ruota divorata dal muschio<\/h3>\n<p>Passeggiando lungo l\u2019acqua si incontra infine una presenza decisamente pi\u00f9 meccanica: una grande ruota idraulica, oggi ricoperta in buona parte da muschi e vegetazione.<\/p>\n<p>Al di l\u00e0 della specifica storia dell\u2019impianto, il suo principio di funzionamento racconta perfettamente il rapporto tra le citt\u00e0 preindustriali e l\u2019energia.<\/p>\n<p><a href=\"https:\/\/www.vr-m.it\/sito\/wp-content\/uploads\/2026\/08\/IMG_1938-scaled.jpeg\"><img loading=\"lazy\" decoding=\"async\" class=\"alignnone size-full wp-image-1831\" src=\"https:\/\/www.vr-m.it\/sito\/wp-content\/uploads\/2026\/08\/IMG_1938-scaled.jpeg\" alt=\"\" width=\"2560\" height=\"1920\" srcset=\"https:\/\/www.vr-m.it\/sito\/wp-content\/uploads\/2026\/08\/IMG_1938-scaled.jpeg 2560w, https:\/\/www.vr-m.it\/sito\/wp-content\/uploads\/2026\/08\/IMG_1938-300x225.jpeg 300w, https:\/\/www.vr-m.it\/sito\/wp-content\/uploads\/2026\/08\/IMG_1938-1024x768.jpeg 1024w, https:\/\/www.vr-m.it\/sito\/wp-content\/uploads\/2026\/08\/IMG_1938-768x576.jpeg 768w, https:\/\/www.vr-m.it\/sito\/wp-content\/uploads\/2026\/08\/IMG_1938-1536x1152.jpeg 1536w, https:\/\/www.vr-m.it\/sito\/wp-content\/uploads\/2026\/08\/IMG_1938-2048x1536.jpeg 2048w, https:\/\/www.vr-m.it\/sito\/wp-content\/uploads\/2026\/08\/IMG_1938-2000x1500.jpeg 2000w\" sizes=\"(max-width: 2560px) 100vw, 2560px\" \/><\/a><\/p>\n<p>L\u2019acqua in movimento esercita una forza sulle pale della ruota. Questa produce una coppia sull\u2019asse centrale e quindi un movimento rotatorio che pu\u00f2 essere trasferito, mediante alberi e ingranaggi, a una macchina. Il processo pu\u00f2 essere sintetizzato cos\u00ec:<\/p>\n<p>energia dell\u2019acqua \u2192 rotazione della ruota \u2192 trasmissione meccanica \u2192 lavoro utile<\/p>\n<p>Per secoli sistemi di questo tipo hanno permesso di azionare macine, seghe, martelli e altri macchinari senza utilizzare combustibili. Osservata oggi, coperta di vegetazione, la ruota sembra quasi parte dell\u2019ambiente naturale. In origine rappresentava invece una vera macchina energetica.<\/p>\n<h3>Curiosit\u00e0 \u2014 L\u2019energia rinnovabile non \u00e8 affatto un\u2019invenzione moderna<\/h3>\n<p>Quando si parla di fonti rinnovabili si tende a pensare immediatamente a pannelli fotovoltaici e turbine eoliche. Ma acqua, vento e biomassa sono state per gran parte della storia umana le principali fonti energetiche disponibili oltre alla forza muscolare. Una ruota idraulica \u00e8 quindi, concettualmente, un\u2019antenata diretta di una moderna centrale idroelettrica. \u00c8 cambiata enormemente la tecnologia utilizzata per estrarre l\u2019energia. La fonte fisica, invece, \u00e8 sostanzialmente la stessa.<\/p>\n<h3>Una citt\u00e0 costruita dal tempo<\/h3>\n<p>Forse \u00e8 proprio questo l\u2019aspetto pi\u00f9 interessante di Melk. L\u2019abbazia domina inevitabilmente il paesaggio, ma concentrarsi soltanto su di essa significa osservare soltanto una parte della storia. Nella citt\u00e0 bassa troviamo una chiesa nata nel Medioevo, trasformata dal barocco, danneggiata da un incendio e reinterpretata dal neogotico; opere cinquecentesche sopravvissute per mezzo millennio; devozioni ottocentesche; edifici legati allo sviluppo della citt\u00e0 moderna e antiche tecnologie basate sulla forza dell\u2019acqua.<\/p>\n<p>Melk non \u00e8 rimasta congelata in un\u2019epoca.<\/p>\n<p>Il Quattrocento ha costruito.<br \/>\nIl Settecento ha trasformato.<br \/>\nL\u2019incendio del 1847 ha distrutto.<br \/>\nL\u2019Ottocento ha ricostruito e reinterpretato.<br \/>\nIl presente conserva e continua a modificare.<\/p>\n<p>Il risultato \u00e8 un paesaggio nel quale circa sei secoli di storia possono ancora essere osservati contemporaneamente. Ed \u00e8 forse proprio nelle strade pi\u00f9 tranquille, lontano dalla monumentalit\u00e0 dell\u2019abbazia, che Melk racconta la sua storia pi\u00f9 sorprendente.<\/p>\n","protected":false},"excerpt":{"rendered":"<p>Dietro la celebre abbazia barocca, Melk conserva una seconda identit\u00e0: una chiesa tardogotica trasformata nei secoli, antiche sculture, palazzi borghesi e le tracce di una citt\u00e0 cresciuta insieme all\u2019acqua. Un viaggio attraverso quasi sei secoli di storia. Chi arriva a Melk, nella Bassa Austria, tende inevitabilmente ad alzare lo sguardo verso l\u2019enorme abbazia benedettina che &hellip; <\/p>\n<p class=\"link-more\"><a href=\"https:\/\/www.vr-m.it\/sito\/2026\/08\/12\/melk-oltre-labbazia-sei-secoli-di-storia-nascosti-nella-citta\/\" class=\"more-link\">Leggi tutto<span class=\"screen-reader-text\"> &#8220;Melk oltre l\u2019Abbazia: sei secoli di storia nascosti nella citt\u00e0&#8221;<\/span><\/a><\/p>\n","protected":false},"author":1,"featured_media":1832,"comment_status":"open","ping_status":"open","sticky":false,"template":"","format":"standard","meta":{"footnotes":""},"categories":[57],"tags":[],"class_list":["post-1827","post","type-post","status-publish","format-standard","has-post-thumbnail","hentry","category-oltre-il-confine"],"_links":{"self":[{"href":"https:\/\/www.vr-m.it\/sito\/wp-json\/wp\/v2\/posts\/1827","targetHints":{"allow":["GET"]}}],"collection":[{"href":"https:\/\/www.vr-m.it\/sito\/wp-json\/wp\/v2\/posts"}],"about":[{"href":"https:\/\/www.vr-m.it\/sito\/wp-json\/wp\/v2\/types\/post"}],"author":[{"embeddable":true,"href":"https:\/\/www.vr-m.it\/sito\/wp-json\/wp\/v2\/users\/1"}],"replies":[{"embeddable":true,"href":"https:\/\/www.vr-m.it\/sito\/wp-json\/wp\/v2\/comments?post=1827"}],"version-history":[{"count":1,"href":"https:\/\/www.vr-m.it\/sito\/wp-json\/wp\/v2\/posts\/1827\/revisions"}],"predecessor-version":[{"id":1833,"href":"https:\/\/www.vr-m.it\/sito\/wp-json\/wp\/v2\/posts\/1827\/revisions\/1833"}],"wp:featuredmedia":[{"embeddable":true,"href":"https:\/\/www.vr-m.it\/sito\/wp-json\/wp\/v2\/media\/1832"}],"wp:attachment":[{"href":"https:\/\/www.vr-m.it\/sito\/wp-json\/wp\/v2\/media?parent=1827"}],"wp:term":[{"taxonomy":"category","embeddable":true,"href":"https:\/\/www.vr-m.it\/sito\/wp-json\/wp\/v2\/categories?post=1827"},{"taxonomy":"post_tag","embeddable":true,"href":"https:\/\/www.vr-m.it\/sito\/wp-json\/wp\/v2\/tags?post=1827"}],"curies":[{"name":"wp","href":"https:\/\/api.w.org\/{rel}","templated":true}]}}